{"id":306,"date":"2018-08-06T22:25:26","date_gmt":"2018-08-06T20:25:26","guid":{"rendered":"http:\/\/trashheart.de\/?p=306"},"modified":"2018-08-06T22:25:26","modified_gmt":"2018-08-06T20:25:26","slug":"low-waste-auf-festivals","status":"publish","type":"post","link":"http:\/\/trashheart.de\/index.php\/2018\/08\/06\/low-waste-auf-festivals\/","title":{"rendered":"Low Waste auf Festivals"},"content":{"rendered":"<p>Juhu wir fahren aufs Festival! Ein Wochenende mit Musik, zelten, grillen und feiern, doch leider hei\u00dft das meistens auch sehr viel M\u00fcll. Ich versuche dieses Jahr so wenig M\u00fcll wie m\u00f6glich zu produzieren und teile mit euch meine Erfahrung.<\/p>\n<p>Jedes Jahr fahre ich mit Freunden auf\u00b4s <a href=\"http:\/\/www.open-flair.de\" target=\"_blank\" rel=\"noopener\">Open Flair<\/a>, ein sch\u00f6nes Festival mitten in Eschwege.\u00a0F\u00fcr mich sind die schlaflosen N\u00e4chte auf dem offiziellen Festival Campingplatz vorbei, wir zelten immer auf einem anderen Platz, auf dem es nachts ruhig ist und es richtige Toiletten und Duschen gibt.<\/p>\n<p>https:\/\/www.instagram.com\/p\/BlA_qZdAckc\/?taken-by=openflair<\/p>\n<p>Mit flie\u00dfendem Wasser und einem K\u00fchlschrank, ist es nat\u00fcrlich einfacher weniger M\u00fcll zu produzieren, aber ich werde mich bem\u00fchen auch L\u00f6sungen zu finden die auf gro\u00dfen Festival Campingpl\u00e4tzen funktionieren.<\/p>\n<h3>Vorbereitung<\/h3>\n<p>Ohne M\u00fcll bedeutet oft eine gute Vorbereitung. Ich habe mir schon unverpackte Nudeln gekauft und So\u00dfen im Glas. Da das Flair mitten in Eschwege ist, werde ich mir vor Ort verderblichere Lebensmittel wie Salat, Brot und Obst holen.<\/p>\n<p>Um zu wissen was ich mit auf das Festival Gel\u00e4nde nehmen kann, habe ich die Festival Crew einfach angeschrieben. In meinem Fall sind Teller\/Schalen und L\u00f6ffel ok, Spitze Gegenst\u00e4nde wie Messer und Gabeln sollten allerdings nicht mitgenommen werden (verst\u00e4ndlich).<\/p>\n<h4><strong><img decoding=\"async\" loading=\"lazy\" class=\"alignnone size-medium wp-image-510\" src=\"http:\/\/trashheart.de\/wp-content\/uploads\/2018\/08\/IMG_3717-e1533390076903-632x632.jpg\" alt=\"\" width=\"632\" height=\"632\" srcset=\"http:\/\/trashheart.de\/wp-content\/uploads\/2018\/08\/IMG_3717-e1533390076903-632x632.jpg 632w, http:\/\/trashheart.de\/wp-content\/uploads\/2018\/08\/IMG_3717-e1533390076903-768x768.jpg 768w, http:\/\/trashheart.de\/wp-content\/uploads\/2018\/08\/IMG_3717-e1533390076903-1020x1020.jpg 1020w, http:\/\/trashheart.de\/wp-content\/uploads\/2018\/08\/IMG_3717-e1533390076903-945x945.jpg 945w, http:\/\/trashheart.de\/wp-content\/uploads\/2018\/08\/IMG_3717-e1533390076903-600x600.jpg 600w\" sizes=\"(max-width: 632px) 100vw, 632px\" \/><\/strong><\/h4>\n<h4><strong>Utensilien<\/strong><\/h4>\n<p>Nat\u00fcrlich ist es am sch\u00f6nsten wenn man die M\u00f6glichkeit hat wiederverwendbares Geschirr mitzunehmen. Ich habe seit Jahren\u00a0mein standart Festivalgeschirr dabei; Teller, Besteck, Tasse und Becher. Dazu nehmen ich eine Sp\u00fchlb\u00fcrste, Sp\u00fclmittel und ein Geschirrhandtuch mit.<\/p>\n<p>Wenn ihr keine M\u00f6glichkeit habt euer Geschirr abzusp\u00fclen, dann schaut, dass ihr wenigstens Holz Einwegbesteck und biologisch abbaubare Teller benutzt.<\/p>\n<h4><strong>Wasser<\/strong><\/h4>\n<p>Wer nicht allein von Schnaps und Bier lebt (und das w\u00fcrde ich keinem empfehlen) sollte sich Wasser mitnehmen. Ich habe meine Edelstahlflasche dabei, zum Wasserhahn ist es nicht weit und (fast jedes) Leitungswasser in Deutschland hat Trinkwasserqualit\u00e4t.<\/p>\n<p>Erkundigt euch ob ihr die M\u00f6glichkeit habt eine Trinkflasche aufzuf\u00fcllen, wenn der Weg weit ist empfiehlt sich eine dementsprechend gro\u00dfe Flasche oder vielleicht sogar einen Kanister mitzunehmen.<\/p>\n<h3><strong><img decoding=\"async\" loading=\"lazy\" class=\"alignnone size-medium wp-image-511\" src=\"http:\/\/trashheart.de\/wp-content\/uploads\/2018\/08\/IMG_3721-e1533390064824-632x632.jpg\" alt=\"\" width=\"632\" height=\"632\" srcset=\"http:\/\/trashheart.de\/wp-content\/uploads\/2018\/08\/IMG_3721-e1533390064824-632x632.jpg 632w, http:\/\/trashheart.de\/wp-content\/uploads\/2018\/08\/IMG_3721-e1533390064824-768x768.jpg 768w, http:\/\/trashheart.de\/wp-content\/uploads\/2018\/08\/IMG_3721-e1533390064824-1020x1020.jpg 1020w, http:\/\/trashheart.de\/wp-content\/uploads\/2018\/08\/IMG_3721-e1533390064824-945x945.jpg 945w, http:\/\/trashheart.de\/wp-content\/uploads\/2018\/08\/IMG_3721-e1533390064824-600x600.jpg 600w\" sizes=\"(max-width: 632px) 100vw, 632px\" \/><\/strong><\/h3>\n<h3><strong>Essen<\/strong><\/h3>\n<p><strong>Fr\u00fchst\u00fcck<\/strong><\/p>\n<p>Zum Fr\u00fchst\u00fcck reicht mir Brot mit Aufstrich. Beides kaufen ich vor Ort, das Brot transportiere ich in meinem mitgebrachten Beutel und der Aufstrich ist im Glas. F\u00fcr genug Vitamine nehmen ich gern auch etwas Obst mit, auch das bekommt man unverpackt im Supermarkt.<\/p>\n<p>Kaffee oder Tee brauche ich morgens nicht, aber ich wei\u00df dass es viele gibt die ohne den morgendlichen Kaffee kein Mensch sind. Falls ihr euch jeden morgen Kaffee auf dem Campinggel\u00e4nde holt, bringt\u00a0doch einen\u00a0wiederverwendbaren Becher mit, der ist f\u00fcr Kaffee\u00a0und Bier geeignet ist.<\/p>\n<p><strong>Warmes Essen<\/strong><\/p>\n<p>Gro\u00df kochen ist auf Festivals eher nicht drin, deswegen beschr\u00e4nke ich mich auf Nudeln mit Pesto oder So\u00dfe aus dem Glas.\u00a0Ich habe Nudeln dabei, die ich unverpackt gekauft habe.<\/p>\n<p>Zum kochen verwende ich einen Gaskocher. Den habe ich vor drei Jahren mal geschenkt bekommen und ich habe immer noch Gaskartuschen daf\u00fcr (bin nicht so der Camper). Wer noch vor der Entscheidung steht sich etwas in der Richtung zu kaufen, empfehle ich einen einfachen Sturmkocher oder wer es fancy mag den\u00a0Biolite. Beide werden nur mit Holz betrieben.<\/p>\n<p>Grillen geh\u00f6rt zum Festival wie Bier und Musik. Als Veganerin hat man in dem Punkt leider nicht so viele unverpackte M\u00f6glichkeiten. Nat\u00fcrlich ist gegrilltes Gem\u00fcse eine feine Sache und auch gern von mir gegessen, allerdings kann ich dem verpackten W\u00fcrstchen und Co dann nicht immer widerstehen.<\/p>\n<p>Bei Salat und Gem\u00fcse achte ich darauf unverpackt einzukaufen. Wiederverwendbare Beutel helfen beim Transport und die Kassiererin ist nicht genervt weil das Gem\u00fcse lose auf dem Band herumtollt.<\/p>\n<p><strong>Snack<\/strong><\/p>\n<p>F\u00fcr den kleinen Hunger zwischendurch ist Obst einfach ungeschlagen.<\/p>\n<p><strong>Essen auf dem Festival Gel\u00e4nde<\/strong><\/p>\n<p>Auf dem Festivalgel\u00e4nde gibt es oft lecker Essen, leider auch oft nicht umweltfreundlich verpackt, mit Plastikgeschirr. Dass man ohne Probleme Messer und Gabel mit aufs Gel\u00e4nde nehmen Kann, glaube ich eher nicht, aber vielleicht einen G\u00f6ffel. Der sieht nicht nur lustig aus, sondern ist auch irre praktisch. Schreibt dem Betreiber doch vorher eine E-Mail und fragt nach wie es mit Bechern, Tellern\/Dosen und Besteck\/G\u00f6ffel aussieht.<\/p>\n<p><strong>Dinge auf die ich leider nicht verzichten kann<\/strong><\/p>\n<p>Ich habe mich im Vorfeld beim Open Flair Team erkundigt was ich mit aufs Gel\u00e4nde bringen kann, Teller und G\u00f6ffel bzw. L\u00f6ffel sollten klappen, allerdings werde ich ein Problem mit dem Getr\u00e4nk bekommen. Auf dem Flair sind ausschlie\u00dflich Tetrapacks erlaubt, ich werde trotzdem eine Falttrinkflasche mitnehmen und mal bei der Security vor Ort anfragen ob das ok ist. Wenn nicht muss ich leider weiter Tetrapack verwenden.<\/p>\n<p>Auch Sonnencreme werde ich aus der Flasche verwenden, da ich noch welche zuhause habe die nich nicht einfach wegwerfen m\u00f6chte. Allerdings habe ich da auch noch keine gute Alternative gesehen.<\/p>\n<h3>Liste um Dein Festival Low Waste zu gestalten<\/h3>\n<ul>\n<li>Beutel f\u00fcr Brot, Obst usw<\/li>\n<li>Teller, Besteck, Tasse\/Becher<\/li>\n<li>Brotdose\/Teller um Essen auf dem Gel\u00e4nde einzuf\u00fcllen<\/li>\n<li>Wiederverwendbaren Regenponcho<\/li>\n<\/ul>\n<p>F\u00fcnf Tage auf einem Festival so wenig M\u00fcll wie m\u00f6glich zu verbrauchen wird eine krasse Herausforderung, ich werde euch ab Mittwoch (8. August) in der Insta Story auf dem Laufenden zu halten.<\/p>\n<p>https:\/\/www.instagram.com\/p\/BlauANghkzL\/?taken-by=trashheart<\/p>\n<p>&nbsp;<\/p>\n","protected":false},"excerpt":{"rendered":"<p>Juhu wir fahren aufs Festival! Ein Wochenende mit Musik, zelten, grillen und feiern, doch leider hei\u00dft das meistens auch sehr viel M\u00fcll. Ich versuche dieses Jahr so wenig M\u00fcll wie m\u00f6glich zu produzieren und teile mit euch meine Erfahrung. Jedes&#8230; <a class=\"more-link\" href=\"http:\/\/trashheart.de\/index.php\/2018\/08\/06\/low-waste-auf-festivals\/\">Weiterlesen &rarr;<\/a><\/p>\n","protected":false},"author":2,"featured_media":512,"comment_status":"open","ping_status":"open","sticky":false,"template":"","format":"standard","meta":[],"categories":[1],"tags":[53,30,29],"jetpack_featured_media_url":"http:\/\/trashheart.de\/wp-content\/uploads\/2018\/08\/IMG_3732-e1533390049856.jpg","_links":{"self":[{"href":"http:\/\/trashheart.de\/index.php\/wp-json\/wp\/v2\/posts\/306"}],"collection":[{"href":"http:\/\/trashheart.de\/index.php\/wp-json\/wp\/v2\/posts"}],"about":[{"href":"http:\/\/trashheart.de\/index.php\/wp-json\/wp\/v2\/types\/post"}],"author":[{"embeddable":true,"href":"http:\/\/trashheart.de\/index.php\/wp-json\/wp\/v2\/users\/2"}],"replies":[{"embeddable":true,"href":"http:\/\/trashheart.de\/index.php\/wp-json\/wp\/v2\/comments?post=306"}],"version-history":[{"count":18,"href":"http:\/\/trashheart.de\/index.php\/wp-json\/wp\/v2\/posts\/306\/revisions"}],"predecessor-version":[{"id":694,"href":"http:\/\/trashheart.de\/index.php\/wp-json\/wp\/v2\/posts\/306\/revisions\/694"}],"wp:featuredmedia":[{"embeddable":true,"href":"http:\/\/trashheart.de\/index.php\/wp-json\/wp\/v2\/media\/512"}],"wp:attachment":[{"href":"http:\/\/trashheart.de\/index.php\/wp-json\/wp\/v2\/media?parent=306"}],"wp:term":[{"taxonomy":"category","embeddable":true,"href":"http:\/\/trashheart.de\/index.php\/wp-json\/wp\/v2\/categories?post=306"},{"taxonomy":"post_tag","embeddable":true,"href":"http:\/\/trashheart.de\/index.php\/wp-json\/wp\/v2\/tags?post=306"}],"curies":[{"name":"wp","href":"https:\/\/api.w.org\/{rel}","templated":true}]}}